{"id":490,"date":"2020-08-20T13:45:42","date_gmt":"2020-08-20T16:45:42","guid":{"rendered":"http:\/\/ergoehealthconsultoria.com.br\/site\/?p=490"},"modified":"2020-08-20T13:46:40","modified_gmt":"2020-08-20T16:46:40","slug":"cif-para-enquadramento-de-pcds","status":"publish","type":"post","link":"https:\/\/ergoehealthconsultoria.com.br\/site\/2020\/08\/20\/cif-para-enquadramento-de-pcds\/","title":{"rendered":"CIF para Enquadramento de PCD\u2019s"},"content":{"rendered":"<p>A Lei Brasileira de Inclus\u00e3o (Lei 13.146, de 2015) completou 5 anos no dia 06\/07\/20, e Senadores destacaram a data comemorando o poder \u201csimb\u00f3lico\u201d da legisla\u00e7\u00e3o, al\u00e9m de solicitarem a\u00e7\u00f5es do poder p\u00fablico para que os seus objetivos se tornem reais, e indicando que hajam pol\u00edticas p\u00fablicas inclusivas.<\/p>\n<p>De acordo com o \u00faltimo censo do Instituto Brasileiro de Geografia e Estat\u00edstica (IBGE), de 2010, cerca de 45,6 milh\u00f5es de pessoas (25% da popula\u00e7\u00e3o brasileira) declararam ter \u201calguma dificuldade\u201d para realizar a\u00e7\u00f5es como enxergar, ouvir e caminhar ou ent\u00e3o afirmaram ter alguma \u201cdefici\u00eancia mental ou intelectual\u201d.<\/p>\n<h5>Fonte: <a href=\"https:\/\/www12.senado.leg.br\/noticias\/materias\/2020\/07\/06\/lei-de-inclusao-completa-cinco-anos-e-senadores-pedem-mais-politicas-publicas\" target=\"_blank\" rel=\"noopener noreferrer\">Ag\u00eancia Senado<\/a><\/h5>\n<p>Trazendo esta informa\u00e7\u00e3o para o meio empresarial, o par\u00e1grafo 2 da LBI transcreve os componentes da CIF (Classifica\u00e7\u00e3o Internacional de Funcionalidade, Incapacidade e Sa\u00fade) para auxiliar no enquadramento de Pessoas com Defici\u00eancia.<\/p>\n<p>\u201cComo a CIF \u00e9 uma classifica\u00e7\u00e3o da sa\u00fade e dos estados relacionados com a sa\u00fade, tamb\u00e9m \u00e9 utilizada por setores, tais como, seguros, seguran\u00e7a social, <strong><u>trabalho<\/u><\/strong>, educa\u00e7\u00e3o, economia, pol\u00edtica social, desenvolvimento de pol\u00edticas e de legisla\u00e7\u00e3o em geral e altera\u00e7\u00f5es ambientais. Por estes motivos foi aceita como uma das classifica\u00e7\u00f5es sociais das Na\u00e7\u00f5es Unidas, sendo mencionada e estando incorporada nas Normas Padronizadas para a Igualdade de Oportunidades para Pessoas com Incapacidades\u201d \u2013 Classifica\u00e7\u00e3o Internacional de Funcionalidade,\u00a0 Incapacidade e Sa\u00fade, 2004.<\/p>\n<p><strong>Voc\u00ea sabia que o fisioterapeuta pode utilizar a ClF, de maneira multiprofissional, e ajudar no enquadramento de PCD\u2019s?<\/strong><\/p>\n<p>A Classifica\u00e7\u00e3o atrav\u00e9s da CIF ocorre de maneira multiprofissional e interdisciplinar, assim o Fisioterapeuta \u00e9 um dos profissionais da \u00e1rea de sa\u00fade qualificado para realizar a avalia\u00e7\u00e3o biopsicossocial.<\/p>\n","protected":false},"excerpt":{"rendered":"<p>A Lei Brasileira de Inclus\u00e3o (Lei 13.146, de 2015) completou 5 anos no dia 06\/07\/20, e Senadores destacaram a data comemorando o poder \u201csimb\u00f3lico\u201d da legisla\u00e7\u00e3o, al\u00e9m de solicitarem a\u00e7\u00f5es do poder p\u00fablico para que os seus objetivos se tornem reais, e indicando que hajam pol\u00edticas p\u00fablicas inclusivas. De acordo com o \u00faltimo censo do [&hellip;]<\/p>\n","protected":false},"author":1,"featured_media":459,"comment_status":"closed","ping_status":"closed","sticky":false,"template":"","format":"standard","meta":[],"categories":[5],"tags":[35,31,33,34,32],"yoast_head":"<!-- This site is optimized with the Yoast SEO plugin v14.9 - https:\/\/yoast.com\/wordpress\/plugins\/seo\/ -->\n<title>CIF para Enquadramento de PCD\u2019s - Ergo &amp; Health Consultoria<\/title>\n<meta name=\"robots\" content=\"index, follow, max-snippet:-1, max-image-preview:large, max-video-preview:-1\" \/>\n<link rel=\"canonical\" href=\"http:\/\/ergoehealthconsultoria.com.br\/site\/2020\/08\/20\/cif-para-enquadramento-de-pcds\/\" \/>\n<meta property=\"og:locale\" content=\"pt_BR\" \/>\n<meta property=\"og:type\" content=\"article\" \/>\n<meta property=\"og:title\" content=\"CIF para Enquadramento de PCD\u2019s - Ergo &amp; Health Consultoria\" \/>\n<meta property=\"og:description\" content=\"A Lei Brasileira de Inclus\u00e3o (Lei 13.146, de 2015) completou 5 anos no dia 06\/07\/20, e Senadores destacaram a data comemorando o poder \u201csimb\u00f3lico\u201d da legisla\u00e7\u00e3o, al\u00e9m de solicitarem a\u00e7\u00f5es do poder p\u00fablico para que os seus objetivos se tornem reais, e indicando que hajam pol\u00edticas p\u00fablicas inclusivas. De acordo com o \u00faltimo censo do [&hellip;]\" \/>\n<meta property=\"og:url\" content=\"http:\/\/ergoehealthconsultoria.com.br\/site\/2020\/08\/20\/cif-para-enquadramento-de-pcds\/\" \/>\n<meta property=\"og:site_name\" content=\"Ergo &amp; Health Consultoria\" \/>\n<meta property=\"article:published_time\" content=\"2020-08-20T16:45:42+00:00\" \/>\n<meta property=\"article:modified_time\" content=\"2020-08-20T16:46:40+00:00\" \/>\n<meta property=\"og:image\" content=\"https:\/\/ergoehealthconsultoria.com.br\/site\/wp-content\/uploads\/2020\/08\/pcd.jpg\" \/>\n\t<meta property=\"og:image:width\" content=\"1920\" \/>\n\t<meta property=\"og:image:height\" content=\"1281\" \/>\n<meta name=\"twitter:card\" content=\"summary_large_image\" \/>\n<script type=\"application\/ld+json\" class=\"yoast-schema-graph\">{\"@context\":\"https:\/\/schema.org\",\"@graph\":[{\"@type\":\"WebSite\",\"@id\":\"https:\/\/ergoehealthconsultoria.com.br\/site\/#website\",\"url\":\"https:\/\/ergoehealthconsultoria.com.br\/site\/\",\"name\":\"Ergo &amp; Health Consultoria\",\"description\":\"Ergonomia e Qualidade de Vida\",\"potentialAction\":[{\"@type\":\"SearchAction\",\"target\":\"https:\/\/ergoehealthconsultoria.com.br\/site\/?s={search_term_string}\",\"query-input\":\"required name=search_term_string\"}],\"inLanguage\":\"pt-BR\"},{\"@type\":\"ImageObject\",\"@id\":\"http:\/\/ergoehealthconsultoria.com.br\/site\/2020\/08\/20\/cif-para-enquadramento-de-pcds\/#primaryimage\",\"inLanguage\":\"pt-BR\",\"url\":\"https:\/\/ergoehealthconsultoria.com.br\/site\/wp-content\/uploads\/2020\/08\/pcd.jpg\",\"width\":1920,\"height\":1281},{\"@type\":\"WebPage\",\"@id\":\"http:\/\/ergoehealthconsultoria.com.br\/site\/2020\/08\/20\/cif-para-enquadramento-de-pcds\/#webpage\",\"url\":\"http:\/\/ergoehealthconsultoria.com.br\/site\/2020\/08\/20\/cif-para-enquadramento-de-pcds\/\",\"name\":\"CIF para Enquadramento de PCD\\u2019s - Ergo &amp; Health Consultoria\",\"isPartOf\":{\"@id\":\"https:\/\/ergoehealthconsultoria.com.br\/site\/#website\"},\"primaryImageOfPage\":{\"@id\":\"http:\/\/ergoehealthconsultoria.com.br\/site\/2020\/08\/20\/cif-para-enquadramento-de-pcds\/#primaryimage\"},\"datePublished\":\"2020-08-20T16:45:42+00:00\",\"dateModified\":\"2020-08-20T16:46:40+00:00\",\"author\":{\"@id\":\"https:\/\/ergoehealthconsultoria.com.br\/site\/#\/schema\/person\/748ed8760d56ef06fcb21a47ff693acb\"},\"inLanguage\":\"pt-BR\",\"potentialAction\":[{\"@type\":\"ReadAction\",\"target\":[\"http:\/\/ergoehealthconsultoria.com.br\/site\/2020\/08\/20\/cif-para-enquadramento-de-pcds\/\"]}]},{\"@type\":\"Person\",\"@id\":\"https:\/\/ergoehealthconsultoria.com.br\/site\/#\/schema\/person\/748ed8760d56ef06fcb21a47ff693acb\",\"name\":\"larissa\",\"image\":{\"@type\":\"ImageObject\",\"@id\":\"https:\/\/ergoehealthconsultoria.com.br\/site\/#personlogo\",\"inLanguage\":\"pt-BR\",\"url\":\"https:\/\/secure.gravatar.com\/avatar\/c5a42e4d70d60886858e92e30e0f8c7f?s=96&d=mm&r=g\",\"caption\":\"larissa\"}}]}<\/script>\n<!-- \/ Yoast SEO plugin. -->","_links":{"self":[{"href":"https:\/\/ergoehealthconsultoria.com.br\/site\/wp-json\/wp\/v2\/posts\/490"}],"collection":[{"href":"https:\/\/ergoehealthconsultoria.com.br\/site\/wp-json\/wp\/v2\/posts"}],"about":[{"href":"https:\/\/ergoehealthconsultoria.com.br\/site\/wp-json\/wp\/v2\/types\/post"}],"author":[{"embeddable":true,"href":"https:\/\/ergoehealthconsultoria.com.br\/site\/wp-json\/wp\/v2\/users\/1"}],"replies":[{"embeddable":true,"href":"https:\/\/ergoehealthconsultoria.com.br\/site\/wp-json\/wp\/v2\/comments?post=490"}],"version-history":[{"count":2,"href":"https:\/\/ergoehealthconsultoria.com.br\/site\/wp-json\/wp\/v2\/posts\/490\/revisions"}],"predecessor-version":[{"id":492,"href":"https:\/\/ergoehealthconsultoria.com.br\/site\/wp-json\/wp\/v2\/posts\/490\/revisions\/492"}],"wp:featuredmedia":[{"embeddable":true,"href":"https:\/\/ergoehealthconsultoria.com.br\/site\/wp-json\/wp\/v2\/media\/459"}],"wp:attachment":[{"href":"https:\/\/ergoehealthconsultoria.com.br\/site\/wp-json\/wp\/v2\/media?parent=490"}],"wp:term":[{"taxonomy":"category","embeddable":true,"href":"https:\/\/ergoehealthconsultoria.com.br\/site\/wp-json\/wp\/v2\/categories?post=490"},{"taxonomy":"post_tag","embeddable":true,"href":"https:\/\/ergoehealthconsultoria.com.br\/site\/wp-json\/wp\/v2\/tags?post=490"}],"curies":[{"name":"wp","href":"https:\/\/api.w.org\/{rel}","templated":true}]}}